{"id":18551,"date":"2026-04-30T04:01:28","date_gmt":"2026-04-30T02:01:28","guid":{"rendered":"https:\/\/www.greening-group.com\/?p=18551"},"modified":"2026-04-30T04:06:40","modified_gmt":"2026-04-30T02:06:40","slug":"reforma-energetica-mexico-2025-sector-solar-2026","status":"publish","type":"post","link":"https:\/\/www.greening-group.com\/me\/reforma-energetica-mexico-2025-sector-solar-2026\/","title":{"rendered":"Una\u00a0nueva\u00a0fase\u00a0para\u00a0el\u00a0sector solar\u00a0mexicano: lo\u00a0que\u00a0la\u00a0reforma\u00a0de 2025 cambia\u00a0en\u00a02026\u00a0"},"content":{"rendered":"\t\t<div data-elementor-type=\"wp-post\" data-elementor-id=\"18551\" class=\"elementor elementor-18551\" data-elementor-post-type=\"post\">\n\t\t\t\t<div class=\"elementor-element elementor-element-29d0a18 e-flex e-con-boxed e-con e-parent\" data-id=\"29d0a18\" data-element_type=\"container\">\n\t\t\t\t\t<div class=\"e-con-inner\">\n\t\t\t\t<div class=\"elementor-element elementor-element-13e1db1 elementor-widget elementor-widget-text-editor\" data-id=\"13e1db1\" data-element_type=\"widget\" data-widget_type=\"text-editor.default\">\n\t\t\t\t<div class=\"elementor-widget-container\">\n\t\t\t\t\t\t\t\t\t<p><i><span data-contrast=\"none\">C\u00f3mo el nuevo marco energ\u00e9tico reabre la puerta a la inversi\u00f3n privada en\u00a0renovables,\u00a0 y\u00a0qu\u00e9 conviene observar este a\u00f1o.<\/span><\/i><span data-ccp-props=\"{&quot;134233117&quot;:false,&quot;134233118&quot;:false,&quot;335559738&quot;:240,&quot;335559739&quot;:240}\">\u00a0<\/span><\/p><p><span data-contrast=\"none\">Hay un cambio en marcha en el mercado el\u00e9ctrico mexicano, y la energ\u00eda solar est\u00e1 en el centro.<\/span><span data-ccp-props=\"{&quot;134233117&quot;:false,&quot;134233118&quot;:false,&quot;335559738&quot;:240,&quot;335559739&quot;:240}\">\u00a0<\/span><\/p><p><span data-contrast=\"none\">Despu\u00e9s de varios a\u00f1os en los que la incertidumbre regulatoria desincentiv\u00f3 la inversi\u00f3n privada en generaci\u00f3n, M\u00e9xico entra a 2026 con un marco institucional renovado, un plan de infraestructura plurianual respaldado por presupuesto y una serie de licitaciones que, por primera vez en a\u00f1os, abren una v\u00eda clara para el desarrollo de nuevos proyectos solares. <\/span><\/p><p><span data-contrast=\"none\">Para las empresas que generan, comercializan u operan activos renovables en el pa\u00eds, el panorama no es de regreso a las reglas anteriores, sino de aprendizaje de un nuevo modelo en el que la coexistencia entre el Estado y la iniciativa privada se est\u00e1 redefiniendo en tiempo real.<\/span><span data-ccp-props=\"{&quot;134233117&quot;:false,&quot;134233118&quot;:false,&quot;335559738&quot;:240,&quot;335559739&quot;:240}\">\u00a0<\/span><\/p><h5><b><span data-contrast=\"none\">Una meta\u00a0pa\u00eds\u00a0y un mercado\u00a0en\u00a0expansi\u00f3n<\/span><\/b><span data-ccp-props=\"{&quot;134233117&quot;:false,&quot;134233118&quot;:false,&quot;134245418&quot;:true,&quot;134245529&quot;:true,&quot;335559738&quot;:299,&quot;335559739&quot;:299}\">\u00a0<\/span><\/h5><p><span data-contrast=\"none\">Las cifras dimensionan la oportunidad. El gobierno federal ha reiterado el objetivo de que 45% de la generaci\u00f3n el\u00e9ctrica provenga de fuentes limpias hacia 2030, dentro de una estrategia m\u00e1s amplia que contempla aproximadamente 25 GW de nueva capacidad renovable y de almacenamiento al cierre de la d\u00e9cada, seg\u00fan la planeaci\u00f3n oficial del sector el\u00e9ctrico. La capacidad solar instalada en M\u00e9xico pasar\u00eda de cerca de 14 GW en 2025 a m\u00e1s de 30 GW hacia 2031, de acuerdo con proyecciones de mercado.<\/span><span data-ccp-props=\"{&quot;134233117&quot;:false,&quot;134233118&quot;:false,&quot;335559738&quot;:240,&quot;335559739&quot;:240}\">\u00a0<\/span><\/p><p><span data-contrast=\"none\">Detr\u00e1s de esa expansi\u00f3n est\u00e1 una demanda industrial que crece a marchas forzadas. El nearshoring sigue concentrando inversi\u00f3n en los corredores manufactureros del norte y del Baj\u00edo; las cl\u00e1usulas de sostenibilidad del T-MEC vinculan cada vez m\u00e1s la competitividad exportadora con el origen renovable de la electricidad; y los grandes consumidores corporativos est\u00e1n firmando contratos de cobertura el\u00e9ctrica de largo plazo para asegurar precio y trazabilidad de su suministro. La pregunta ya no es si M\u00e9xico necesita m\u00e1s generaci\u00f3n limpia, sino con qu\u00e9 velocidad podr\u00e1 entregarla.<\/span><span data-ccp-props=\"{&quot;134233117&quot;:false,&quot;134233118&quot;:false,&quot;335559738&quot;:240,&quot;335559739&quot;:240}\">\u00a0<\/span><\/p><h5><b><span data-contrast=\"none\">Las\u00a0nuevas\u00a0reglas:\u00a0coexistencia\u00a0con\u00a0marco<\/span><\/b><span data-ccp-props=\"{&quot;134233117&quot;:false,&quot;134233118&quot;:false,&quot;134245418&quot;:true,&quot;134245529&quot;:true,&quot;335559738&quot;:299,&quot;335559739&quot;:299}\">\u00a0<\/span><\/h5><p><span data-contrast=\"none\">La reforma energ\u00e9tica de marzo de 2025 reorganiz\u00f3 el sector bajo un principio claro: la Comisi\u00f3n Federal de Electricidad (CFE) mantiene una participaci\u00f3n m\u00ednima del 54% en la generaci\u00f3n nacional, y la iniciativa privada cuenta con hasta 46% bajo seis modalidades de desarrollo claramente delimitadas. La supervisi\u00f3n regulatoria se centraliz\u00f3 en la nueva Comisi\u00f3n Nacional de Energ\u00eda (CNE), que sustituy\u00f3 a la Comisi\u00f3n Reguladora de Energ\u00eda y a la Comisi\u00f3n Nacional de Hidrocarburos.<\/span><span data-ccp-props=\"{&quot;134233117&quot;:false,&quot;134233118&quot;:false,&quot;335559738&quot;:240,&quot;335559739&quot;:240}\">\u00a0<\/span><\/p><h5><strong>Tres elementos del nuevo marco merecen atenci\u00f3n especial este a\u00f1o:<\/strong><\/h5><p><b><span data-contrast=\"none\">Una primera ronda de inversi\u00f3n privada ya aterrizada.<\/span><\/b><span data-contrast=\"none\">\u00a0A finales de 2025, la Secretar\u00eda de Energ\u00eda aprob\u00f3 20 proyectos\u00a0privados, 15\u00a0solares y cinco e\u00f3licos, que sumar\u00e1n 3,320 MW de generaci\u00f3n y 1,488 MW de almacenamiento, con una inversi\u00f3n privada estimada en 4,750 millones de d\u00f3lares. Una segunda convocatoria fue anunciada para inicios de 2026 con el fin de cubrir el remanente del objetivo inicial de 6,000 MW.<\/span><span data-ccp-props=\"{&quot;134233117&quot;:false,&quot;134233118&quot;:false,&quot;335559738&quot;:240,&quot;335559739&quot;:240}\">\u00a0<\/span><\/p><p><b><span data-contrast=\"none\">Un nuevo modelo de contrato a 25 a\u00f1os.<\/span><\/b><span data-contrast=\"none\">\u00a0El\u00a0gobierno\u00a0present\u00f3\u00a0un\u00a0esquema\u00a0de\u00a0inversi\u00f3n\u00a0p\u00fablico-privada\u00a0con la meta de\u00a0a\u00f1adir\u00a07.5 GW de\u00a0capacidad\u00a0renovable\u00a0hacia\u00a02030, con\u00a0estructuras\u00a0financieras\u00a0t\u00edpicas\u00a0de 70-80%\u00a0deuda\u00a0y 20-30% capital, y\u00a0contratos\u00a0de largo\u00a0plazo\u00a0con CFE\u00a0como\u00a0contraparte. La\u00a0construcci\u00f3n\u00a0de los primeros\u00a0proyectos\u00a0bajo\u00a0este\u00a0esquema\u00a0se\u00a0prev\u00e9\u00a0a\u00a0partir\u00a0de\u00a0noviembre\u00a0de 2026, con entrada\u00a0en\u00a0operaci\u00f3n\u00a0entre 2028 y 2029.<\/span><span data-ccp-props=\"{&quot;134233117&quot;:false,&quot;134233118&quot;:false,&quot;335559738&quot;:240,&quot;335559739&quot;:240}\">\u00a0<\/span><\/p><p><b><span data-contrast=\"none\">Almacenamiento como infraestructura, no como complemento.<\/span><\/b><span data-contrast=\"none\"> Las nuevas reglas tratan al almacenamiento como un activo necesario para la confiabilidad del sistema, no como un agregado opcional. Los proyectos solares que ingresan al pipeline en 2026 se dise\u00f1an, en su mayor\u00eda, como instalaciones h\u00edbridas solar + bater\u00eda, lo que cambia la econom\u00eda del proyecto y eleva la barrera t\u00e9cnica de entrada.<\/span><span data-ccp-props=\"{&quot;134233117&quot;:false,&quot;134233118&quot;:false,&quot;335559738&quot;:240,&quot;335559739&quot;:240}\">\u00a0<\/span><\/p><h5><b><span data-contrast=\"none\">Qu\u00e9\u00a0significa\u00a0para los\u00a0actores\u00a0del sector<\/span><\/b><span data-ccp-props=\"{&quot;134233117&quot;:false,&quot;134233118&quot;:false,&quot;134245418&quot;:true,&quot;134245529&quot;:true,&quot;335559738&quot;:299,&quot;335559739&quot;:299}\">\u00a0<\/span><\/h5><p><span data-contrast=\"none\">Para inversionistas, contrapartes industriales y desarrolladores, hay tres lecturas que conviene tener presentes.<\/span><span data-ccp-props=\"{&quot;134233117&quot;:false,&quot;134233118&quot;:false,&quot;335559738&quot;:240,&quot;335559739&quot;:240}\">\u00a0<\/span><\/p><p><span data-contrast=\"none\">Primero, la certeza jur\u00eddica est\u00e1 mejorando, pero la ejecuci\u00f3n sigue siendo el diferenciador. M\u00e1s de 5 GW de proyectos permanecen detenidos por tr\u00e1mites pendientes, los costos de los sistemas fotovoltaicos en M\u00e9xico siguen por encima de los promedios globales y los plazos de interconexi\u00f3n contin\u00faan siendo el principal cuello de botella. Las empresas con experiencia probada para cerrar permisos, gestionar la interconexi\u00f3n con CFE y operar activos en condiciones reales ser\u00e1n las que conviertan el nuevo marco en proyectos reales.<\/span><span data-ccp-props=\"{&quot;134233117&quot;:false,&quot;134233118&quot;:false,&quot;335559738&quot;:240,&quot;335559739&quot;:240}\">\u00a0<\/span><\/p><p><span data-contrast=\"none\">Segundo, la integraci\u00f3n vertical est\u00e1 jugando a favor del comprador. Un desarrollador que cubre la cadena completa, origen del proyecto, ingenier\u00eda, construcci\u00f3n, operaci\u00f3n y comercializaci\u00f3n de energ\u00eda, puede ofrecer precios m\u00e1s firmes, plazos m\u00e1s cortos y estructuras contractuales m\u00e1s flexibles que un participante que arma el modelo proyecto por proyecto. En un mercado donde el riesgo de ejecuci\u00f3n supera al riesgo de mercado, esa capacidad termina siendo el factor decisivo.<\/span><span data-ccp-props=\"{&quot;134233117&quot;:false,&quot;134233118&quot;:false,&quot;335559738&quot;:240,&quot;335559739&quot;:240}\">\u00a0<\/span><\/p><p><span data-contrast=\"none\">Tercero, el norte concentra la actividad, pero la oportunidad se est\u00e1 ampliando. Sonora, Chihuahua, Coahuila y Nuevo Le\u00f3n lideran la expansi\u00f3n por radiaci\u00f3n solar, disponibilidad de tierra y demanda industrial; el Baj\u00edo y el centro del pa\u00eds ganan terreno por los polos de bienestar y los corredores de manufactura del Plan M\u00e9xico. Las empresas que est\u00e9n leyendo el mapa correcto en 2026 tendr\u00e1n ventaja durante el resto de la d\u00e9cada.<\/span><span data-ccp-props=\"{&quot;134233117&quot;:false,&quot;134233118&quot;:false,&quot;335559738&quot;:240,&quot;335559739&quot;:240}\">\u00a0<\/span><\/p><h5><b><span data-contrast=\"none\">La\u00a0oportunidad\u00a0de 2026<\/span><\/b><span data-ccp-props=\"{&quot;134233117&quot;:false,&quot;134233118&quot;:false,&quot;134245418&quot;:true,&quot;134245529&quot;:true,&quot;335559738&quot;:299,&quot;335559739&quot;:299}\">\u00a0<\/span><\/h5><p><span data-contrast=\"none\">M\u00e9xico entra a 2026 con un marco energ\u00e9tico que, sin renunciar a un papel central del Estado, ha reabierto rutas claras para la inversi\u00f3n privada en renovables. Para los desarrolladores con capacidad de ejecuci\u00f3n, el momento exige claridad estrat\u00e9gica: entender el nuevo modelo, identificar las modalidades adecuadas para cada proyecto y construir alianzas que permitan operar en un sector donde la planeaci\u00f3n p\u00fablica y la iniciativa privada deber\u00e1n coexistir durante la pr\u00f3xima d\u00e9cada.<\/span><span data-ccp-props=\"{&quot;134233117&quot;:false,&quot;134233118&quot;:false,&quot;335559738&quot;:240,&quot;335559739&quot;:240}\">\u00a0<\/span><\/p><p><span data-contrast=\"none\">La pregunta para las empresas no es si participar en el mercado solar mexicano. Es con qu\u00e9 socio, bajo qu\u00e9 modalidad y en qu\u00e9 momento.<\/span><span data-ccp-props=\"{&quot;134233117&quot;:false,&quot;134233118&quot;:false,&quot;335559738&quot;:240,&quot;335559739&quot;:240}\">\u00a0<\/span><\/p><p>\u00a0<\/p><p>Si tienes cualquier duda o te gustar\u00eda m\u00e1s informaci\u00f3n, cont\u00e1ctanos:\u00a0<a href=\"mailto:ventas@greening-group.com\">ventas@greening-group.com<\/a>\u00a0\u00a0<\/p><p><i><span data-contrast=\"none\">Fuentes:\u00a0Secretar\u00eda\u00a0de Energ\u00eda (SENER); Plan de Desarrollo del Sector\u00a0El\u00e9ctrico\u00a0Nacional (PRODESEN\/PLADESE); Mexico Business News; Mordor Intelligence; Strategic Energy Europe.<\/span><\/i><span data-ccp-props=\"{&quot;134233117&quot;:false,&quot;134233118&quot;:false,&quot;335559738&quot;:240,&quot;335559739&quot;:240}\">\u00a0<\/span><\/p>\t\t\t\t\t\t\t\t<\/div>\n\t\t\t\t<\/div>\n\t\t\t\t<div class=\"elementor-element elementor-element-780cd5c elementor-widget elementor-widget-image\" data-id=\"780cd5c\" data-element_type=\"widget\" data-widget_type=\"image.default\">\n\t\t\t\t<div class=\"elementor-widget-container\">\n\t\t\t\t\t\t\t\t\t\t\t\t\t\t\t<img loading=\"lazy\" decoding=\"async\" width=\"800\" height=\"134\" src=\"https:\/\/www.greening-group.com\/wp-content\/uploads\/2026\/03\/Greening_BlogHeader-11-1024x171.png\" class=\"attachment-large size-large wp-image-18064\" alt=\"\" srcset=\"https:\/\/www.greening-group.com\/wp-content\/uploads\/2026\/03\/Greening_BlogHeader-11-1024x171.png 1024w, https:\/\/www.greening-group.com\/wp-content\/uploads\/2026\/03\/Greening_BlogHeader-11-300x50.png 300w, https:\/\/www.greening-group.com\/wp-content\/uploads\/2026\/03\/Greening_BlogHeader-11-768x128.png 768w, https:\/\/www.greening-group.com\/wp-content\/uploads\/2026\/03\/Greening_BlogHeader-11.png 1536w\" sizes=\"auto, (max-width: 800px) 100vw, 800px\" \/>\t\t\t\t\t\t\t\t\t\t\t\t\t\t\t<\/div>\n\t\t\t\t<\/div>\n\t\t\t\t\t<\/div>\n\t\t\t\t<\/div>\n\t\t<div class=\"elementor-element elementor-element-9e9f94f e-flex e-con-boxed e-con e-parent\" data-id=\"9e9f94f\" data-element_type=\"container\">\n\t\t\t\t\t<div class=\"e-con-inner\">\n\t\t\t\t\t<\/div>\n\t\t\t\t<\/div>\n\t\t\t\t<\/div>\n\t\t","protected":false},"excerpt":{"rendered":"<p>C\u00f3mo el nuevo marco energ\u00e9tico reabre la puerta a la inversi\u00f3n privada en\u00a0renovables,\u00a0 y\u00a0qu\u00e9 conviene observar este a\u00f1o.\u00a0 Hay un cambio en marcha en el mercado el\u00e9ctrico mexicano, y la energ\u00eda solar est\u00e1 en el centro.\u00a0 Despu\u00e9s de varios a\u00f1os en los que la incertidumbre regulatoria desincentiv\u00f3 la inversi\u00f3n privada en generaci\u00f3n, M\u00e9xico entra a [&hellip;]<\/p>\n","protected":false},"author":5,"featured_media":18552,"comment_status":"open","ping_status":"open","sticky":false,"template":"","format":"standard","meta":{"_acf_changed":false,"footnotes":""},"categories":[1],"tags":[],"class_list":["post-18551","post","type-post","status-publish","format-standard","has-post-thumbnail","hentry","category-sin-categoria"],"acf":[],"yoast_head":"<!-- This site is optimized with the Yoast SEO plugin v26.0 - https:\/\/yoast.com\/wordpress\/plugins\/seo\/ -->\n<title>Reforma energ\u00e9tica M\u00e9xico 2025 y solar 2026<\/title>\n<meta name=\"description\" content=\"La reforma energ\u00e9tica 2025 reabre la inversi\u00f3n privada en solar en M\u00e9xico. Claves, oportunidades y retos del mercado en 2026.\" \/>\n<meta name=\"robots\" content=\"index, follow, max-snippet:-1, max-image-preview:large, max-video-preview:-1\" \/>\n<link rel=\"canonical\" href=\"https:\/\/www.greening-group.com\/me\/reforma-energetica-mexico-2025-sector-solar-2026\/\" \/>\n<meta property=\"og:locale\" content=\"en_US\" \/>\n<meta property=\"og:type\" content=\"article\" \/>\n<meta property=\"og:title\" content=\"Reforma energ\u00e9tica M\u00e9xico 2025 y solar 2026\" \/>\n<meta property=\"og:description\" content=\"La reforma energ\u00e9tica 2025 reabre la inversi\u00f3n privada en solar en M\u00e9xico. Claves, oportunidades y retos del mercado en 2026.\" \/>\n<meta property=\"og:url\" content=\"https:\/\/www.greening-group.com\/me\/reforma-energetica-mexico-2025-sector-solar-2026\/\" \/>\n<meta property=\"og:site_name\" content=\"Greening\" \/>\n<meta property=\"article:published_time\" content=\"2026-04-30T02:01:28+00:00\" \/>\n<meta property=\"article:modified_time\" content=\"2026-04-30T02:06:40+00:00\" \/>\n<meta property=\"og:image\" content=\"https:\/\/www.greening-group.com\/wp-content\/uploads\/2024\/08\/favicon.png\" \/>\n\t<meta property=\"og:image:width\" content=\"900\" \/>\n\t<meta property=\"og:image:height\" content=\"600\" \/>\n\t<meta property=\"og:image:type\" content=\"image\/png\" \/>\n<meta name=\"author\" content=\"Paulina\" \/>\n<meta name=\"twitter:card\" content=\"summary_large_image\" \/>\n<meta name=\"twitter:image\" content=\"https:\/\/www.greening-group.com\/wp-content\/uploads\/2024\/08\/favicon.png\" \/>\n<meta name=\"twitter:label1\" content=\"Written by\" \/>\n\t<meta name=\"twitter:data1\" content=\"Paulina\" \/>\n\t<meta name=\"twitter:label2\" content=\"Est. reading time\" \/>\n\t<meta name=\"twitter:data2\" content=\"6 minutes\" \/>\n<script type=\"application\/ld+json\" class=\"yoast-schema-graph\">{\"@context\":\"https:\/\/schema.org\",\"@graph\":[{\"@type\":\"WebPage\",\"@id\":\"https:\/\/www.greening-group.com\/me\/reforma-energetica-mexico-2025-sector-solar-2026\/\",\"url\":\"https:\/\/www.greening-group.com\/me\/reforma-energetica-mexico-2025-sector-solar-2026\/\",\"name\":\"Reforma energ\u00e9tica M\u00e9xico 2025 y solar 2026\",\"isPartOf\":{\"@id\":\"https:\/\/www.greening-group.com\/me\/#website\"},\"primaryImageOfPage\":{\"@id\":\"https:\/\/www.greening-group.com\/me\/reforma-energetica-mexico-2025-sector-solar-2026\/#primaryimage\"},\"image\":{\"@id\":\"https:\/\/www.greening-group.com\/me\/reforma-energetica-mexico-2025-sector-solar-2026\/#primaryimage\"},\"thumbnailUrl\":\"https:\/\/www.greening-group.com\/wp-content\/uploads\/2026\/04\/Greening_BlogCover-19.png\",\"datePublished\":\"2026-04-30T02:01:28+00:00\",\"dateModified\":\"2026-04-30T02:06:40+00:00\",\"author\":{\"@id\":\"https:\/\/www.greening-group.com\/me\/#\/schema\/person\/966e0326235741fb91a39404823c635c\"},\"description\":\"La reforma energ\u00e9tica 2025 reabre la inversi\u00f3n privada en solar en M\u00e9xico. Claves, oportunidades y retos del mercado en 2026.\",\"inLanguage\":\"me-ME\",\"potentialAction\":[{\"@type\":\"ReadAction\",\"target\":[\"https:\/\/www.greening-group.com\/me\/reforma-energetica-mexico-2025-sector-solar-2026\/\"]}]},{\"@type\":\"ImageObject\",\"inLanguage\":\"me-ME\",\"@id\":\"https:\/\/www.greening-group.com\/me\/reforma-energetica-mexico-2025-sector-solar-2026\/#primaryimage\",\"url\":\"https:\/\/www.greening-group.com\/wp-content\/uploads\/2026\/04\/Greening_BlogCover-19.png\",\"contentUrl\":\"https:\/\/www.greening-group.com\/wp-content\/uploads\/2026\/04\/Greening_BlogCover-19.png\",\"width\":900,\"height\":600},{\"@type\":\"WebSite\",\"@id\":\"https:\/\/www.greening-group.com\/me\/#website\",\"url\":\"https:\/\/www.greening-group.com\/me\/\",\"name\":\"Greening\",\"description\":\"Energ\u00eda renovable para una transici\u00f3n energ\u00e9tica global\",\"potentialAction\":[{\"@type\":\"SearchAction\",\"target\":{\"@type\":\"EntryPoint\",\"urlTemplate\":\"https:\/\/www.greening-group.com\/me\/?s={search_term_string}\"},\"query-input\":{\"@type\":\"PropertyValueSpecification\",\"valueRequired\":true,\"valueName\":\"search_term_string\"}}],\"inLanguage\":\"me-ME\"},{\"@type\":\"Person\",\"@id\":\"https:\/\/www.greening-group.com\/me\/#\/schema\/person\/966e0326235741fb91a39404823c635c\",\"name\":\"Paulina\",\"image\":{\"@type\":\"ImageObject\",\"inLanguage\":\"me-ME\",\"@id\":\"https:\/\/www.greening-group.com\/me\/#\/schema\/person\/image\/\",\"url\":\"https:\/\/secure.gravatar.com\/avatar\/0c49265775e8a7112fdada1869f5c21eb4e8276807b14c9388f0d75f2852b9df?s=96&d=mm&r=g\",\"contentUrl\":\"https:\/\/secure.gravatar.com\/avatar\/0c49265775e8a7112fdada1869f5c21eb4e8276807b14c9388f0d75f2852b9df?s=96&d=mm&r=g\",\"caption\":\"Paulina\"},\"url\":\"https:\/\/www.greening-group.com\/me\/author\/paulina\/\"}]}<\/script>\n<!-- \/ Yoast SEO plugin. -->","yoast_head_json":{"title":"Reforma energ\u00e9tica M\u00e9xico 2025 y solar 2026","description":"La reforma energ\u00e9tica 2025 reabre la inversi\u00f3n privada en solar en M\u00e9xico. Claves, oportunidades y retos del mercado en 2026.","robots":{"index":"index","follow":"follow","max-snippet":"max-snippet:-1","max-image-preview":"max-image-preview:large","max-video-preview":"max-video-preview:-1"},"canonical":"https:\/\/www.greening-group.com\/me\/reforma-energetica-mexico-2025-sector-solar-2026\/","og_locale":"en_US","og_type":"article","og_title":"Reforma energ\u00e9tica M\u00e9xico 2025 y solar 2026","og_description":"La reforma energ\u00e9tica 2025 reabre la inversi\u00f3n privada en solar en M\u00e9xico. Claves, oportunidades y retos del mercado en 2026.","og_url":"https:\/\/www.greening-group.com\/me\/reforma-energetica-mexico-2025-sector-solar-2026\/","og_site_name":"Greening","article_published_time":"2026-04-30T02:01:28+00:00","article_modified_time":"2026-04-30T02:06:40+00:00","og_image":[{"width":900,"height":600,"url":"https:\/\/www.greening-group.com\/wp-content\/uploads\/2024\/08\/favicon.png","type":"image\/png"}],"author":"Paulina","twitter_card":"summary_large_image","twitter_image":"https:\/\/www.greening-group.com\/wp-content\/uploads\/2024\/08\/favicon.png","twitter_misc":{"Written by":"Paulina","Est. reading time":"6 minutes"},"schema":{"@context":"https:\/\/schema.org","@graph":[{"@type":"WebPage","@id":"https:\/\/www.greening-group.com\/me\/reforma-energetica-mexico-2025-sector-solar-2026\/","url":"https:\/\/www.greening-group.com\/me\/reforma-energetica-mexico-2025-sector-solar-2026\/","name":"Reforma energ\u00e9tica M\u00e9xico 2025 y solar 2026","isPartOf":{"@id":"https:\/\/www.greening-group.com\/me\/#website"},"primaryImageOfPage":{"@id":"https:\/\/www.greening-group.com\/me\/reforma-energetica-mexico-2025-sector-solar-2026\/#primaryimage"},"image":{"@id":"https:\/\/www.greening-group.com\/me\/reforma-energetica-mexico-2025-sector-solar-2026\/#primaryimage"},"thumbnailUrl":"https:\/\/www.greening-group.com\/wp-content\/uploads\/2026\/04\/Greening_BlogCover-19.png","datePublished":"2026-04-30T02:01:28+00:00","dateModified":"2026-04-30T02:06:40+00:00","author":{"@id":"https:\/\/www.greening-group.com\/me\/#\/schema\/person\/966e0326235741fb91a39404823c635c"},"description":"La reforma energ\u00e9tica 2025 reabre la inversi\u00f3n privada en solar en M\u00e9xico. Claves, oportunidades y retos del mercado en 2026.","inLanguage":"me-ME","potentialAction":[{"@type":"ReadAction","target":["https:\/\/www.greening-group.com\/me\/reforma-energetica-mexico-2025-sector-solar-2026\/"]}]},{"@type":"ImageObject","inLanguage":"me-ME","@id":"https:\/\/www.greening-group.com\/me\/reforma-energetica-mexico-2025-sector-solar-2026\/#primaryimage","url":"https:\/\/www.greening-group.com\/wp-content\/uploads\/2026\/04\/Greening_BlogCover-19.png","contentUrl":"https:\/\/www.greening-group.com\/wp-content\/uploads\/2026\/04\/Greening_BlogCover-19.png","width":900,"height":600},{"@type":"WebSite","@id":"https:\/\/www.greening-group.com\/me\/#website","url":"https:\/\/www.greening-group.com\/me\/","name":"Greening","description":"Energ\u00eda renovable para una transici\u00f3n energ\u00e9tica global","potentialAction":[{"@type":"SearchAction","target":{"@type":"EntryPoint","urlTemplate":"https:\/\/www.greening-group.com\/me\/?s={search_term_string}"},"query-input":{"@type":"PropertyValueSpecification","valueRequired":true,"valueName":"search_term_string"}}],"inLanguage":"me-ME"},{"@type":"Person","@id":"https:\/\/www.greening-group.com\/me\/#\/schema\/person\/966e0326235741fb91a39404823c635c","name":"Paulina","image":{"@type":"ImageObject","inLanguage":"me-ME","@id":"https:\/\/www.greening-group.com\/me\/#\/schema\/person\/image\/","url":"https:\/\/secure.gravatar.com\/avatar\/0c49265775e8a7112fdada1869f5c21eb4e8276807b14c9388f0d75f2852b9df?s=96&d=mm&r=g","contentUrl":"https:\/\/secure.gravatar.com\/avatar\/0c49265775e8a7112fdada1869f5c21eb4e8276807b14c9388f0d75f2852b9df?s=96&d=mm&r=g","caption":"Paulina"},"url":"https:\/\/www.greening-group.com\/me\/author\/paulina\/"}]}},"_links":{"self":[{"href":"https:\/\/www.greening-group.com\/me\/wp-json\/wp\/v2\/posts\/18551","targetHints":{"allow":["GET"]}}],"collection":[{"href":"https:\/\/www.greening-group.com\/me\/wp-json\/wp\/v2\/posts"}],"about":[{"href":"https:\/\/www.greening-group.com\/me\/wp-json\/wp\/v2\/types\/post"}],"author":[{"embeddable":true,"href":"https:\/\/www.greening-group.com\/me\/wp-json\/wp\/v2\/users\/5"}],"replies":[{"embeddable":true,"href":"https:\/\/www.greening-group.com\/me\/wp-json\/wp\/v2\/comments?post=18551"}],"version-history":[{"count":4,"href":"https:\/\/www.greening-group.com\/me\/wp-json\/wp\/v2\/posts\/18551\/revisions"}],"predecessor-version":[{"id":18556,"href":"https:\/\/www.greening-group.com\/me\/wp-json\/wp\/v2\/posts\/18551\/revisions\/18556"}],"wp:featuredmedia":[{"embeddable":true,"href":"https:\/\/www.greening-group.com\/me\/wp-json\/wp\/v2\/media\/18552"}],"wp:attachment":[{"href":"https:\/\/www.greening-group.com\/me\/wp-json\/wp\/v2\/media?parent=18551"}],"wp:term":[{"taxonomy":"category","embeddable":true,"href":"https:\/\/www.greening-group.com\/me\/wp-json\/wp\/v2\/categories?post=18551"},{"taxonomy":"post_tag","embeddable":true,"href":"https:\/\/www.greening-group.com\/me\/wp-json\/wp\/v2\/tags?post=18551"}],"curies":[{"name":"wp","href":"https:\/\/api.w.org\/{rel}","templated":true}]}}